{"id":440736,"date":"2026-01-12T18:01:40","date_gmt":"2026-01-12T18:01:40","guid":{"rendered":"https:\/\/maroc-confidentiel.moroccomail.fr\/?p=440736"},"modified":"2026-01-12T18:01:40","modified_gmt":"2026-01-12T18:01:40","slug":"france-budget-2026-parlement-elections-anticipees","status":"publish","type":"post","link":"http:\/\/xnalgrt.cluster100.hosting.ovh.net\/index.php\/2026\/01\/12\/france-budget-2026-parlement-elections-anticipees\/","title":{"rendered":"France : le budget fran\u00e7ais de 2026 menace de dissolution du Parlement et \u00e9lections anticip\u00e9es"},"content":{"rendered":"\n<p class=\"has-cyan-bluish-gray-color has-text-color has-link-color wp-elements-b6f8871635c86ff1bade5f85671ef57a\">Tags : #France #budget_de_2026 #Assembl\u00e9e_Nationale #Parlement #\u00e9lections_anticip\u00e9es <\/p>\n\n\n\n<p>Le budget de la France pour 2026 est toujours bloqu\u00e9 \u00e0 ce jour, alors qu\u2019il aurait d\u00fb \u00eatre adopt\u00e9 \u00ab constitutionnellement \u00bb avant le d\u00e9but de la nouvelle ann\u00e9e. Des indications laissent m\u00eame penser que le pays pourrait rester sans budget durant le premier trimestre de l\u2019ann\u00e9e en cours.<\/p>\n\n\n\n<p>La ministre fran\u00e7aise du Budget, Am\u00e9lie de Montchalin, a averti ce dimanche de la possibilit\u00e9 de reporter l\u2019adoption du projet de loi de finances pour 2026 \u00e0 apr\u00e8s les \u00e9lections municipales pr\u00e9vues en mars prochain, si les d\u00e9put\u00e9s de l\u2019Assembl\u00e9e nationale fran\u00e7aise (le Parlement) renversent le gouvernement de S\u00e9bastien Lecornu par une motion de censure la semaine prochaine.<\/p>\n\n\n\n<p>Am\u00e9lie de Montchalin a d\u00e9clar\u00e9, dans une interview accord\u00e9e \u00e0 France T\u00e9l\u00e9visions : \u00ab Si le gouvernement tombe, je peux vous confirmer qu\u2019il ne sera pas possible d\u2019adopter le budget avant les \u00e9lections municipales. \u00bb<\/p>\n\n\n\n<p>Les d\u00e9clarations de Mme de Montchalin interviennent apr\u00e8s la circulation d\u2019informations faisant \u00e9tat d\u2019une d\u00e9cision potentielle du pr\u00e9sident fran\u00e7ais, Emmanuel Macron, de dissoudre l\u2019Assembl\u00e9e nationale et de convoquer des \u00e9lections anticip\u00e9es si l\u2019opposition parvient \u00e0 faire tomber son gouvernement par un vote de censure. Dans ce contexte, le journal fran\u00e7ais <em>Le Monde<\/em> a r\u00e9v\u00e9l\u00e9, citant une source gouvernementale, que le Premier ministre, S\u00e9bastien Lecornu, a demand\u00e9 au ministre de l\u2019Int\u00e9rieur, Laurent Nu\u00f1ez, d\u2019\u00e9tudier les pr\u00e9paratifs en vue de l\u2019organisation d\u2019\u00e9lections l\u00e9gislatives anticip\u00e9es en m\u00eame temps que les \u00e9lections municipales pr\u00e9vues les 15 et 22 mars prochains. Cette initiative fait suite \u00e0 l\u2019annonce du Rassemblement national et de La France insoumise de d\u00e9poser deux motions de censure distinctes contre le gouvernement, qui seront examin\u00e9es mardi et mercredi.<\/p>\n\n\n\n<p>Les dissensions politiques continuent d\u2019\u00e9branler successivement les gouvernements fran\u00e7ais depuis plus d\u2019un an, dans un contexte de crise financi\u00e8re croissante et d\u2019incapacit\u00e9 \u00e0 faire adopter le budget 2026 dans les d\u00e9lais impartis, ce qui a conduit \u00e0 l\u2019adoption d\u2019une loi sp\u00e9ciale afin de garantir la continuit\u00e9 du fonctionnement de l\u2019\u00c9tat et des administrations publiques.<\/p>\n\n\n\n<p><\/p>\n","protected":false},"excerpt":{"rendered":"<p>Tags : #France #budget_de_2026 #Assembl\u00e9e_Nationale #Parlement #\u00e9lections_anticip\u00e9es Le budget de la France pour 2026 est toujours bloqu\u00e9 \u00e0 ce jour, alors qu\u2019il aurait d\u00fb \u00eatre&#8230;<\/p>\n","protected":false},"author":1,"featured_media":440737,"comment_status":"open","ping_status":"open","sticky":false,"template":"","format":"standard","meta":{"footnotes":""},"categories":[95],"tags":[1785,2904,2905,59,2906],"class_list":["post-440736","post","type-post","status-publish","format-standard","has-post-thumbnail","hentry","category-monde","tag-assemblee-nationale","tag-budget-de-2026","tag-elections-anticipees","tag-france","tag-parlement"],"_links":{"self":[{"href":"http:\/\/xnalgrt.cluster100.hosting.ovh.net\/index.php\/wp-json\/wp\/v2\/posts\/440736","targetHints":{"allow":["GET"]}}],"collection":[{"href":"http:\/\/xnalgrt.cluster100.hosting.ovh.net\/index.php\/wp-json\/wp\/v2\/posts"}],"about":[{"href":"http:\/\/xnalgrt.cluster100.hosting.ovh.net\/index.php\/wp-json\/wp\/v2\/types\/post"}],"author":[{"embeddable":true,"href":"http:\/\/xnalgrt.cluster100.hosting.ovh.net\/index.php\/wp-json\/wp\/v2\/users\/1"}],"replies":[{"embeddable":true,"href":"http:\/\/xnalgrt.cluster100.hosting.ovh.net\/index.php\/wp-json\/wp\/v2\/comments?post=440736"}],"version-history":[{"count":0,"href":"http:\/\/xnalgrt.cluster100.hosting.ovh.net\/index.php\/wp-json\/wp\/v2\/posts\/440736\/revisions"}],"wp:featuredmedia":[{"embeddable":true,"href":"http:\/\/xnalgrt.cluster100.hosting.ovh.net\/index.php\/wp-json\/"}],"wp:attachment":[{"href":"http:\/\/xnalgrt.cluster100.hosting.ovh.net\/index.php\/wp-json\/wp\/v2\/media?parent=440736"}],"wp:term":[{"taxonomy":"category","embeddable":true,"href":"http:\/\/xnalgrt.cluster100.hosting.ovh.net\/index.php\/wp-json\/wp\/v2\/categories?post=440736"},{"taxonomy":"post_tag","embeddable":true,"href":"http:\/\/xnalgrt.cluster100.hosting.ovh.net\/index.php\/wp-json\/wp\/v2\/tags?post=440736"}],"curies":[{"name":"wp","href":"https:\/\/api.w.org\/{rel}","templated":true}]}}