{"id":440697,"date":"2026-01-10T13:43:51","date_gmt":"2026-01-10T13:43:51","guid":{"rendered":"https:\/\/maroc-confidentiel.moroccomail.fr\/?p=440697"},"modified":"2026-01-10T13:43:51","modified_gmt":"2026-01-10T13:43:51","slug":"maroc-droits-de-homme-sahara-occidental-conasadh","status":"publish","type":"post","link":"http:\/\/xnalgrt.cluster100.hosting.ovh.net\/index.php\/2026\/01\/10\/maroc-droits-de-homme-sahara-occidental-conasadh\/","title":{"rendered":"Maroc Leaks : Note confidentielle sur la cr\u00e9ation de la commission sahraouie des droits de l&#8217;homme"},"content":{"rendered":"\n<p class=\"has-cyan-bluish-gray-color has-text-color has-link-color wp-elements-79a03c4609dd2bd655cc80fb7a7ed7d1\">Tags : #Maroc #Sahara_Occidental #commission_nationale_sahraouie_des_droits_de_l_homme #CONASADH #HCDH #droits_de_l_homme<\/p>\n\n\n\n<p>CONFIDENTIEL<\/p>\n\n\n\n<p>A Monsieur le Ministre<\/p>\n\n\n\n<h4 class=\"wp-block-heading\">Objet : Question du Sahara Marocain \/ Analyse et appr\u00e9ciations sur la r\u00e9cente cr\u00e9ation du soi disant \u00ab comit\u00e9 national sahraoui des droits de l\u2019homme \u00bb<\/h4>\n\n\n\n<p>J\u2019ai l\u2019honneur de porter \u00e0 votre connaissance que l\u2019Agence alg\u00e9rienne de presse a rapport\u00e9 dans une d\u00e9p\u00eache la cr\u00e9ation par la \u00ab pseudo rasd \u00bb d\u2019un \u00ab comit\u00e9 national sahraoui des droits de l\u2019homme \u00bb (ensdh), lors d\u2019une c\u00e9r\u00e9monie pr\u00e9sid\u00e9e par le d\u00e9nomm\u00e9 Mohamed Abdelaziz.<\/p>\n\n\n\n<p>Selon le communiqu\u00e9, ladite structure s\u2019assigne pour objectif de \u00ab poursuivre la d\u00e9marche visant \u00e0 \u00e9difier un \u00ab Etat sahraoui \u00bb, pr\u00e9server les droits de l\u2019Homme dans les camps de r\u00e9fugi\u00e9s et \u00e0 assurer le suivi et le contr\u00f4le des affaires des sahraouis, dans le respect des chartes et conventions internationales concernant les droits de l\u2019Homme, et servir la cause sahraouie, tout en \u0153uvrant au recouvrement de sa dignit\u00e9, sa souverainet\u00e9 nationale et son ind\u00e9pendance \u00bb<\/p>\n\n\n\n<p>La pr\u00e9sente note mettra en exergue le contexte de cette d\u00e9marche, ainsi que ses motivations et avancera \u00e9galement des \u00e9l\u00e9ments d\u2019appr\u00e9ciation et des recommandations.<\/p>\n\n\n\n<ol start=\"1\" class=\"wp-block-list\">\n<li><strong>Contexte de la man\u0153uvre :<\/strong>La cr\u00e9ation du soi-disant \u00ab esadh \u00bb intervient dans un contexte marqu\u00e9 par :<\/li>\n<\/ol>\n\n\n\n<ul class=\"wp-block-list\">\n<li>Les r\u00e9alisations du Maroc en mati\u00e8re de promotion et de protection des droits de l\u2019Homme, notamment la d\u00e9cision r\u00e9cente du gouvernement de donner suite \u00e0 toutes les plaintes soumises par le CNDH dans un d\u00e9lai maximum de trois mois, la r\u00e9forme de la justice militaire, le rapport du CESE sur le mod\u00e8le de d\u00e9veloppement des provinces du sud, l\u2019ouverture continue vis-\u00e0-vis des proc\u00e9dures sp\u00e9ciales du Conseil des Droits de l\u2019Homme etc ;<\/li>\n\n\n\n<li>L\u2019appr\u00e9ciation de la communaut\u00e9 internationale des efforts d\u00e9ploy\u00e9s par le Maroc, conform\u00e9ment aux engagements pris ;<\/li>\n\n\n\n<li>L\u2019approche de l\u2019\u00e9ch\u00e9ance de la publication du rapport du Secr\u00e9taire g\u00e9n\u00e9ral de l\u2019ONU sur le Sahara et l\u2019adoption d\u2019une nouvelle r\u00e9solution sur le Sahara par le Conseil de s\u00e9curit\u00e9 de l\u2019ONU ;<\/li>\n\n\n\n<li>La pression exerc\u00e9e sur l\u2019Alg\u00e9rie et le polissario avec la mont\u00e9e des critiques sur les violations des droits de l\u2019Homme perp\u00e9tr\u00e9es dans les camps de r\u00e9fugi\u00e9s de Tindouf.<\/li>\n<\/ul>\n\n\n\n<p><strong>Appr\u00e9ciations et propositions :<\/strong> La d\u00e9marche de l\u2019Alg\u00e9rie et du polisario s\u2019inscrirait dans le cadre d\u2019une strat\u00e9gie bien d\u00e9finie visant \u00e0 relativiser les r\u00e9alisations du Maroc et \u00e0 \u00ab booster \u00bb de nouveau la visibilit\u00e9 du polisario sur les plans r\u00e9gional et international. La man\u0153uvre fait partie de la d\u00e9cision du polisario de tamponner les passeports du personnel de la MINURSO qui souhaitent passer \u00e0 l\u2019Est du dispositif de s\u00e9curit\u00e9.<\/p>\n\n\n\n<p><strong>Motivations de la d\u00e9marche :<\/strong>La cr\u00e9ation de cette structure pourrait s\u2019expliquer par les motivations suivantes :I. La recherche par l\u2019entit\u00e9 fantoche d\u2019actions visant \u00e0 lui octroyer les attributs d\u2019un Etat souverain et l\u2019affirmation de l\u2019existence d\u2019une \u00ab r\u00e9alit\u00e9 sahraouie \u00bb irr\u00e9versible ;<br>II. La volont\u00e9 de cr\u00e9er une sym\u00e9trie entre les r\u00e9formes institutionnelles et d\u00e9mocratiques entreprises au Maroc et les man\u0153uvres men\u00e9es par un acteur non \u00e9tatique, concernant la dimension humaine du diff\u00e9rend sur le Sahara ;<br>III. La d\u00e9termination \u00e0 minimiser les r\u00e9alisations du Maroc, en amenant le Secr\u00e9taire G\u00e9n\u00e9ral de l\u2019ONU et Conseil de s\u00e9curit\u00e9, \u00e0 accorder une sym\u00e9trie entre l\u2019action du CNDH et celle qu\u2019entreprendrait le \u00ab comit\u00e9 national sahraoui des droits de l\u2019homme \u00bb aussi bien dans la section du prochain rapport du SG sur le Sahara que dans la r\u00e9solution d\u2019avril 2014 ;<br>IV. La volont\u00e9 de montrer \u00e0 la communaut\u00e9 internationale que le polisario a \u00e9galement des engagements internationaux en mati\u00e8re de promotion et de protection des droits de l\u2019Homme ;<br>V. L\u2019ambition de placer le \u00ab crush \u00bb en tant qu\u2019interlocuteur l\u00e9gitime et cr\u00e9dible, aussi bien vis-\u00e0-vis des organisations internationales et r\u00e9gionales que d\u2019ONGs (Amnesyr International, Human Rights Watch, Robert F. Kennedy Center etc.) par rapport \u00e0 la situation des droits de l\u2019Homme dans les camps de Tindouf ;<br>VI. Le passage \u00e0 une nouvelle \u00e9tape dans la campagne d\u2019instrumentalisation de la question des droits de l\u2019Homme au Sahara, puisque 10 membres du nouveau comit\u00e9 ont \u00e9t\u00e9 choisis parmi les \u00ab s\u00e9paratistes de l\u2019int\u00e9rieur \u00bb.<\/p>\n\n\n\n<p>Face \u00e0 ces d\u00e9veloppements, cette Direction vous soumet les appr\u00e9ciations et recommandations suivantes:<\/p>\n\n\n\n<ol start=\"1\" class=\"wp-block-list\">\n<li>Cette d\u00e9marche constitue un d\u00e9veloppement grave et dangereux dans la mesure o\u00f9 elle s\u2019inscrit dans une logique d\u2019affirmation d\u2019une suppos\u00e9e \u00ab r\u00e9alit\u00e9 sahraouie \u00bb ;<\/li>\n\n\n\n<li>Les risques et les implications d\u2019une telle d\u00e9cision devraient interpeller notre pays \u00e0 plusieurs niveaux, que ce soit dans le cadre de l\u2019ONU ou du Conseil des Droits de l\u2019Homme des Nations Unies (CDH) ;<\/li>\n\n\n\n<li>Le Maroc devrait mener une campagne active, voire agressive, de sensibilisation aupr\u00e8s de l\u2019ONU, du CDH, de l\u2019Union Europ\u00e9enne et d\u2019autres organisations et ONGs internationales afin de contrecarrer l\u2019activisme pr\u00e9visible de ce \u00ab comit\u00e9 \u00bb ;<\/li>\n\n\n\n<li>S\u2019agissant de la prochaine r\u00e9solution du Conseil de s\u00e9curit\u00e9 sur le Sahara, le Maroc devrait, \u00e0 travers le Groupe des amis, s\u2019opposer \u00e0 toute inclusion d\u2019une quelconque r\u00e9f\u00e9rence au \u00ab crash \u00bb ou une quelconque tentative de cr\u00e9er une sym\u00e9trie entre le CNDH et ledit suppos\u00e9 Comit\u00e9. Le Nig\u00e9ria serait pr\u00eat \u00e0 cautionner un langage allant dans ce sens dont la Repr\u00e9sentante permanente aupr\u00e8s de PONU qui assure la pr\u00e9sidence du Conseil pendant ce mois a d\u00e9clar\u00e9, hier, \u00e0 la presse que le Nigeria sera enti\u00e8rement impliqu\u00e9 dans la n\u00e9gociation de la r\u00e9solution sur le Sahara ;<\/li>\n\n\n\n<li>Le Minist\u00e8re devrait aviser la MINURSO, dans une d\u00e9marche pr\u00e9ventive, sur les risques de tout contact, formel ou informel, entre ses responsables et ceux de ce \u00ab comit\u00e9 \u00bb, qui risqueraient de lui conf\u00e9rer une quelconque cr\u00e9dibilit\u00e9 et l\u00e9gitimit\u00e9, notamment au sein de l\u2019ONU.<\/li>\n<\/ol>\n\n\n\n<p><\/p>\n","protected":false},"excerpt":{"rendered":"<p>Tags : #Maroc #Sahara_Occidental #commission_nationale_sahraouie_des_droits_de_l_homme #CONASADH #HCDH #droits_de_l_homme CONFIDENTIEL A Monsieur le Ministre Objet : Question du Sahara Marocain \/ Analyse et appr\u00e9ciations sur la&#8230;<\/p>\n","protected":false},"author":1,"featured_media":440698,"comment_status":"open","ping_status":"open","sticky":false,"template":"","format":"standard","meta":{"footnotes":""},"categories":[2,84],"tags":[2885,2886,296,2774,7,8],"class_list":["post-440697","post","type-post","status-publish","format-standard","has-post-thumbnail","hentry","category-marocleaks","category-sahara-occidental","tag-comite-national-sahraoui-des-droits-de-lhomme","tag-conasadh","tag-droits-de-lhomme","tag-hcdh","tag-maroc","tag-sahara-occidental"],"_links":{"self":[{"href":"http:\/\/xnalgrt.cluster100.hosting.ovh.net\/index.php\/wp-json\/wp\/v2\/posts\/440697","targetHints":{"allow":["GET"]}}],"collection":[{"href":"http:\/\/xnalgrt.cluster100.hosting.ovh.net\/index.php\/wp-json\/wp\/v2\/posts"}],"about":[{"href":"http:\/\/xnalgrt.cluster100.hosting.ovh.net\/index.php\/wp-json\/wp\/v2\/types\/post"}],"author":[{"embeddable":true,"href":"http:\/\/xnalgrt.cluster100.hosting.ovh.net\/index.php\/wp-json\/wp\/v2\/users\/1"}],"replies":[{"embeddable":true,"href":"http:\/\/xnalgrt.cluster100.hosting.ovh.net\/index.php\/wp-json\/wp\/v2\/comments?post=440697"}],"version-history":[{"count":0,"href":"http:\/\/xnalgrt.cluster100.hosting.ovh.net\/index.php\/wp-json\/wp\/v2\/posts\/440697\/revisions"}],"wp:featuredmedia":[{"embeddable":true,"href":"http:\/\/xnalgrt.cluster100.hosting.ovh.net\/index.php\/wp-json\/"}],"wp:attachment":[{"href":"http:\/\/xnalgrt.cluster100.hosting.ovh.net\/index.php\/wp-json\/wp\/v2\/media?parent=440697"}],"wp:term":[{"taxonomy":"category","embeddable":true,"href":"http:\/\/xnalgrt.cluster100.hosting.ovh.net\/index.php\/wp-json\/wp\/v2\/categories?post=440697"},{"taxonomy":"post_tag","embeddable":true,"href":"http:\/\/xnalgrt.cluster100.hosting.ovh.net\/index.php\/wp-json\/wp\/v2\/tags?post=440697"}],"curies":[{"name":"wp","href":"https:\/\/api.w.org\/{rel}","templated":true}]}}