{"id":409237,"date":"2025-12-11T21:05:23","date_gmt":"2025-12-11T21:05:23","guid":{"rendered":"https:\/\/moroccomail.fr\/?p=137078"},"modified":"2025-12-11T21:05:23","modified_gmt":"2025-12-11T21:05:23","slug":"objet-mise-en-place-dun-conseil-strategique-pour-les-interets-economiques-du-maroc-en-afrique","status":"publish","type":"post","link":"http:\/\/xnalgrt.cluster100.hosting.ovh.net\/index.php\/2025\/12\/11\/objet-mise-en-place-dun-conseil-strategique-pour-les-interets-economiques-du-maroc-en-afrique\/","title":{"rendered":"Objet\u00a0: Mise en place d\u2019un Conseil Strat\u00e9gique pour les int\u00e9r\u00eats \u00e9conomiques du Maroc en Afrique"},"content":{"rendered":"\n<p>Note <br \/><br \/><br \/>Objet&nbsp;: Mise en place d\u2019un Conseil Strat\u00e9gique pour les int\u00e9r\u00eats \u00e9conomiques du Maroc en Afrique <br \/><br \/>Dans le cadre du renouveau diplomatique du Maroc en Afrique, la dimension \u00e9conomique devra occuper une place importante, de par les possibilit\u00e9s qu\u2019elle offre en mati\u00e8re de renforcement du positionnement et des interd\u00e9pendances aupr\u00e8s des pays africains partenaires. <br \/>   <br \/>Ce renouveau diplomatique est certes dict\u00e9 par les grands d\u00e9fis qui p\u00e8sent sur l\u2019Afrique (s\u00e9curit\u00e9, changements climatiques, migration, d\u00e9veloppement\u2026), par le jeu de puissance et d\u2019influence auquel se pr\u00eatent les \u00ab&nbsp;puissances locales&nbsp;\u00bb africaines, ainsi que par les convoitises que suscite l\u2019Afrique aupr\u00e8s de puissances \u00e9trang\u00e8res (anciennes et \u00e9mergentes). Il n\u2019en demeure pas moins qu\u2019il permet de repositionner le Maroc \u00e0 l\u2019avant-garde d\u2019un agenda africain moderne et de promouvoir sa vision d\u2019un partenariat Sud-Sud, agissant et solidaire.<br \/><br \/>Le renforcement de la dimension \u00e9conomique de la diplomatie du Maroc en Afrique passe fondamentalement par la mise en place d\u2019une sorte de Conseil Strat\u00e9gique informel pour accompagner la projection d\u2019int\u00e9r\u00eats \u00e9conomiques et commerciaux en Afrique. <br \/><br \/>Ce Conseil Strat\u00e9gique qui pourra \u00eatre plac\u00e9 sous l\u2019autorit\u00e9 du Ministre des affaires Etrang\u00e8res, pourra associer les d\u00e9partements minist\u00e9riels concern\u00e9s (Finances, Commerce et Industrie, Agriculture, Sant\u00e9, Enseignement Sup\u00e9rieur, Transport, Energie et Mines), les \u00e9tablissements publics (Maroc Export, Office des Foires, ONEE, OCP, RAM, OFPPT), les repr\u00e9sentants du secteur priv\u00e9 (CGEM, Groupement bancaire, grandes entreprises nationales), les universitaires (Centre d\u2019\u00e9tudes africaines).<br \/><br \/>Il aura pour missions principales&nbsp;: <br \/><br \/>(i) La d\u00e9finition d\u2019une strat\u00e9gie \u00e9conomique du Maroc en Afrique<br \/><br \/>(ii) L\u2019examen  des possibilit\u00e9s de coop\u00e9ration avec les entreprises fran\u00e7aises, espagnoles et europ\u00e9ennes pour intervenir de fa\u00e7on conjointe et coordonn\u00e9e en Afrique&nbsp;;<br \/><br \/>(iii) La capitalisation sur les multiples possibilit\u00e9s de financements offertes par les bailleurs de fonds internationaux ( BAD, Banque Mondiale, UE, BEI \u2026)<br \/><br \/>(iv) Le suivi des actions engag\u00e9es pour renforcer la pr\u00e9sence \u00e9conomique en Afrique<br \/><br \/>(v) L\u2019accompagnement des entreprises marocaines  <br \/><br \/>(vi) La promotion des instruments de coop\u00e9ration et des facilit\u00e9s<\/p>\n\n\n\n<div class=\"wp-block-file\"><a id=\"wp-block-file--media-479c4655-b8ce-4912-97b6-ded325965467\" href=\"https:\/\/moroccomail.fr\/wp-content\/uploads\/2023\/03\/conseil-strategique-en-afrique12.docx\">conseil-strategique-en-afrique12<\/a><a href=\"https:\/\/moroccomail.fr\/wp-content\/uploads\/2023\/03\/conseil-strategique-en-afrique12.docx\" class=\"wp-block-file__button wp-element-button\" download aria-describedby=\"wp-block-file--media-479c4655-b8ce-4912-97b6-ded325965467\">Download<\/a><\/div>\n","protected":false},"excerpt":{"rendered":"<p>Note Objet&nbsp;: Mise en place d\u2019un Conseil Strat\u00e9gique pour les int\u00e9r\u00eats \u00e9conomiques du Maroc en Afrique Dans le cadre du renouveau diplomatique du Maroc en&#8230;<\/p>\n","protected":false},"author":1,"featured_media":0,"comment_status":"closed","ping_status":"open","sticky":false,"template":"","format":"standard","meta":{"footnotes":""},"categories":[2767],"tags":[],"class_list":["post-409237","post","type-post","status-publish","format-standard","hentry","category-blog"],"_links":{"self":[{"href":"http:\/\/xnalgrt.cluster100.hosting.ovh.net\/index.php\/wp-json\/wp\/v2\/posts\/409237","targetHints":{"allow":["GET"]}}],"collection":[{"href":"http:\/\/xnalgrt.cluster100.hosting.ovh.net\/index.php\/wp-json\/wp\/v2\/posts"}],"about":[{"href":"http:\/\/xnalgrt.cluster100.hosting.ovh.net\/index.php\/wp-json\/wp\/v2\/types\/post"}],"author":[{"embeddable":true,"href":"http:\/\/xnalgrt.cluster100.hosting.ovh.net\/index.php\/wp-json\/wp\/v2\/users\/1"}],"replies":[{"embeddable":true,"href":"http:\/\/xnalgrt.cluster100.hosting.ovh.net\/index.php\/wp-json\/wp\/v2\/comments?post=409237"}],"version-history":[{"count":0,"href":"http:\/\/xnalgrt.cluster100.hosting.ovh.net\/index.php\/wp-json\/wp\/v2\/posts\/409237\/revisions"}],"wp:attachment":[{"href":"http:\/\/xnalgrt.cluster100.hosting.ovh.net\/index.php\/wp-json\/wp\/v2\/media?parent=409237"}],"wp:term":[{"taxonomy":"category","embeddable":true,"href":"http:\/\/xnalgrt.cluster100.hosting.ovh.net\/index.php\/wp-json\/wp\/v2\/categories?post=409237"},{"taxonomy":"post_tag","embeddable":true,"href":"http:\/\/xnalgrt.cluster100.hosting.ovh.net\/index.php\/wp-json\/wp\/v2\/tags?post=409237"}],"curies":[{"name":"wp","href":"https:\/\/api.w.org\/{rel}","templated":true}]}}